

{"id":929,"date":"2016-08-19T17:03:51","date_gmt":"2016-08-19T17:03:51","guid":{"rendered":"http:\/\/januspergher.com.br\/?p=929"},"modified":"2016-08-19T17:03:51","modified_gmt":"2016-08-19T17:03:51","slug":"a-secretaria-de-minas-e-energia-do-rs-e-sulgas-lancarao-atlas-das-biomassas","status":"publish","type":"post","link":"https:\/\/www.januspergher.com.br\/index.php\/2016\/08\/19\/a-secretaria-de-minas-e-energia-do-rs-e-sulgas-lancarao-atlas-das-biomassas\/","title":{"rendered":"A Secretaria de Minas e Energia do RS e Sulg\u00e1s lan\u00e7ar\u00e3o Atlas das Biomassas"},"content":{"rendered":"<p style=\"text-align: justify;\">Da Ag\u00eancia Ambiente Energia &#8211; A Secretaria de Minas e Energia e a Companhia de G\u00e1s do Estado do Rio Grande do Sul (Sulg\u00e1s) devem apresentar aos ga\u00fachos, durante a Expointer 2016, que acontece de 27\/08 a 04\/09, o Atlas das Biomassas, desenvolvido em parceria com a Universidade Integrada do Vale do Taquari (Univates).<\/p>\n<p style=\"text-align: justify;\">A publica\u00e7\u00e3o aponta os res\u00edduos mais prop\u00edcios \u00e0 produ\u00e7\u00e3o do biog\u00e1s, os polos potenciais para a gera\u00e7\u00e3o de bioetanol e de biog\u00e1s e os locais em que as mat\u00e9rias-primas se encontram.<\/p>\n<p style=\"text-align: justify;\">O Rio Grande do Sul \u00e9 apontado como um dos Estados pioneiros na produ\u00e7\u00e3o e fomento para gera\u00e7\u00e3o de biometano e biog\u00e1s. Com a entrada em vigor a Lei 14.864\/2016, que incentiva a fabrica\u00e7\u00e3o de biometano no Estado, por meio do Programa Ga\u00facho de Incentivo \u00e0 Gera\u00e7\u00e3o e Utiliza\u00e7\u00e3o de Biometano a produ\u00e7\u00e3o poder\u00e1 ser descentralizada para a gera\u00e7\u00e3o de combust\u00edvel, tornando o biometano mais competitivo e atrativo.<\/p>\n<p style=\"text-align: justify;\">A nova legisla\u00e7\u00e3o possibilita a cria\u00e7\u00e3o de linhas de cr\u00e9dito especial, inclusive com subs\u00eddios, para a gera\u00e7\u00e3o de biometano e concede tratamento tribut\u00e1rio diferenciado.<\/p>\n<p style=\"text-align: justify;\">Outra iniciativa que visa incentivar investimentos na \u00e1rea de energia renov\u00e1vel \u00e9 o decreto estadual que entrou em vigor em 1\u00ba de junho deste ano. A medida isentou a cobran\u00e7as de impostos para pequenas centrais geradoras de energias limpas renov\u00e1veis \u2013 unidades e\u00f3licas e de biomassa \u2013 e que estiverem interligadas \u00e0 rede de distribui\u00e7\u00e3o por meio de instala\u00e7\u00e3o na pr\u00f3pria unidade consumidora.<\/p>\n<p style=\"text-align: justify;\"><em>Fonte: <a href=\"https:\/\/www.ambienteenergia.com.br\/index.php\/2016\/08\/secretaria-de-minas-e-energia-rs-e-sulgas-lancarao-atlas-das-biomassas\/29901\" target=\"_blank\">Ambiente Energia<\/a><\/em><\/p>\n<p style=\"text-align: justify;\"><em>Foto:\u00a0Cr\u00e9dito:\u00a0Karine Viana\/Pal\u00e1cio Piratini<\/em><\/p>\n<div class=\"content\" style=\"text-align: justify;\">\u00a0<\/div>\n","protected":false},"excerpt":{"rendered":"<p>Da Ag\u00eancia Ambiente Energia &#8211; A Secretaria de Minas e Energia e a Companhia de G\u00e1s do Estado do Rio Grande do Sul (Sulg\u00e1s) devem apresentar aos ga\u00fachos, durante a Expointer 2016, que acontece de 27\/08 a 04\/09, o Atlas das Biomassas, desenvolvido em parceria com a Universidade Integrada do Vale do Taquari (Univates). A&hellip;<\/p>\n","protected":false},"author":2,"featured_media":930,"comment_status":"open","ping_status":"open","sticky":false,"template":"","format":"standard","meta":[],"categories":[19],"tags":[],"_links":{"self":[{"href":"https:\/\/www.januspergher.com.br\/index.php\/wp-json\/wp\/v2\/posts\/929"}],"collection":[{"href":"https:\/\/www.januspergher.com.br\/index.php\/wp-json\/wp\/v2\/posts"}],"about":[{"href":"https:\/\/www.januspergher.com.br\/index.php\/wp-json\/wp\/v2\/types\/post"}],"author":[{"embeddable":true,"href":"https:\/\/www.januspergher.com.br\/index.php\/wp-json\/wp\/v2\/users\/2"}],"replies":[{"embeddable":true,"href":"https:\/\/www.januspergher.com.br\/index.php\/wp-json\/wp\/v2\/comments?post=929"}],"version-history":[{"count":0,"href":"https:\/\/www.januspergher.com.br\/index.php\/wp-json\/wp\/v2\/posts\/929\/revisions"}],"wp:featuredmedia":[{"embeddable":true,"href":"https:\/\/www.januspergher.com.br\/index.php\/wp-json\/"}],"wp:attachment":[{"href":"https:\/\/www.januspergher.com.br\/index.php\/wp-json\/wp\/v2\/media?parent=929"}],"wp:term":[{"taxonomy":"category","embeddable":true,"href":"https:\/\/www.januspergher.com.br\/index.php\/wp-json\/wp\/v2\/categories?post=929"},{"taxonomy":"post_tag","embeddable":true,"href":"https:\/\/www.januspergher.com.br\/index.php\/wp-json\/wp\/v2\/tags?post=929"}],"curies":[{"name":"wp","href":"https:\/\/api.w.org\/{rel}","templated":true}]}}