

{"id":1093,"date":"2016-04-18T14:17:59","date_gmt":"2016-04-18T14:17:59","guid":{"rendered":"http:\/\/januspergher.com.br\/?p=775"},"modified":"2016-04-18T14:17:59","modified_gmt":"2016-04-18T14:17:59","slug":"novo-onibus-eletrico-comeca-a-ser-testado-nesta-sexta-feira","status":"publish","type":"post","link":"https:\/\/www.januspergher.com.br\/index.php\/2016\/04\/18\/novo-onibus-eletrico-comeca-a-ser-testado-nesta-sexta-feira\/","title":{"rendered":"Novo \u00f4nibus el\u00e9trico come\u00e7a a ser testado nesta sexta-feira"},"content":{"rendered":"<p style=\"text-align: justify;\">A prefeitura, por interm\u00e9dio da Empresa P\u00fablica de Transporte e Circula\u00e7\u00e3o (EPTC) e da Carris, apresentou na tarde desta quinta-feira o novo modelo de \u00f4nibus el\u00e9trico que ser\u00e1 testado nas ruas da Capital. Uma viagem de apresenta\u00e7\u00e3o foi realizada, com a presen\u00e7a do vice-prefeito Sebasti\u00e3o Melo, do diretor-presidente da EPTC, Vanderlei Cappellari, e do diretor-presidente da Carris, S\u00e9rgio Zimmermann.<\/p>\n<p><em>Mais informa\u00e7\u00f5es: <a href=\"http:\/\/www.correiodopovo.com.br\/Noticias\/Geral\/Transporte%20Publico\/2016\/04\/584496\/Novo-onibus-eletrico-comeca-a-ser-testado-nesta-sextafeira\" target=\"_blank\">Correio do Povo<\/a><\/em><\/p>\n<p><em>Fonte foto: Alina Souza\/Correio do Povo<\/em><\/p>\n<p>&nbsp;<\/p>\n","protected":false},"excerpt":{"rendered":"<p>A prefeitura, por interm\u00e9dio da Empresa P\u00fablica de Transporte e Circula\u00e7\u00e3o (EPTC) e da Carris, apresentou na tarde desta quinta-feira o novo modelo de \u00f4nibus el\u00e9trico que ser\u00e1 testado nas ruas da Capital. Uma viagem de apresenta\u00e7\u00e3o foi realizada, com a presen\u00e7a do vice-prefeito Sebasti\u00e3o Melo, do diretor-presidente da EPTC, Vanderlei Cappellari, e do diretor-presidente&hellip;<\/p>\n","protected":false},"author":2,"featured_media":776,"comment_status":"open","ping_status":"open","sticky":false,"template":"","format":"standard","meta":[],"categories":[19],"tags":[],"_links":{"self":[{"href":"https:\/\/www.januspergher.com.br\/index.php\/wp-json\/wp\/v2\/posts\/1093"}],"collection":[{"href":"https:\/\/www.januspergher.com.br\/index.php\/wp-json\/wp\/v2\/posts"}],"about":[{"href":"https:\/\/www.januspergher.com.br\/index.php\/wp-json\/wp\/v2\/types\/post"}],"author":[{"embeddable":true,"href":"https:\/\/www.januspergher.com.br\/index.php\/wp-json\/wp\/v2\/users\/2"}],"replies":[{"embeddable":true,"href":"https:\/\/www.januspergher.com.br\/index.php\/wp-json\/wp\/v2\/comments?post=1093"}],"version-history":[{"count":0,"href":"https:\/\/www.januspergher.com.br\/index.php\/wp-json\/wp\/v2\/posts\/1093\/revisions"}],"wp:featuredmedia":[{"embeddable":true,"href":"https:\/\/www.januspergher.com.br\/index.php\/wp-json\/"}],"wp:attachment":[{"href":"https:\/\/www.januspergher.com.br\/index.php\/wp-json\/wp\/v2\/media?parent=1093"}],"wp:term":[{"taxonomy":"category","embeddable":true,"href":"https:\/\/www.januspergher.com.br\/index.php\/wp-json\/wp\/v2\/categories?post=1093"},{"taxonomy":"post_tag","embeddable":true,"href":"https:\/\/www.januspergher.com.br\/index.php\/wp-json\/wp\/v2\/tags?post=1093"}],"curies":[{"name":"wp","href":"https:\/\/api.w.org\/{rel}","templated":true}]}}